{"id":2994,"date":"2022-05-21T16:27:19","date_gmt":"2022-05-21T16:27:19","guid":{"rendered":"https:\/\/noeliamartinez.com\/?p=2994"},"modified":"2022-05-21T16:28:52","modified_gmt":"2022-05-21T16:28:52","slug":"todo-lo-que-se-debe-saber-sobre-los-repartidores-de-coste-de-calefaccion-en-las-comunidades-de-vecinos","status":"publish","type":"post","link":"https:\/\/noeliamartinez.com\/index.php\/2022\/05\/21\/todo-lo-que-se-debe-saber-sobre-los-repartidores-de-coste-de-calefaccion-en-las-comunidades-de-vecinos\/","title":{"rendered":"Todo lo que se debe saber sobre los repartidores de costes de calefacci\u00f3n en las comunidades de vecinos"},"content":{"rendered":"\n<p>Real Decreto 736\/2020 de 4 de Agosto (publicado BOE n\u00ba212 de 6 de Agosto de 2020)<\/p>\n\n\n\n<p>Tras la aprobaci\u00f3n del Real Decreto 736\/2020 resulta obligatorio instalar contadores individuales en edificios con instalaciones de calefacci\u00f3n central cuando sea t\u00e9cnicamente viable y econ\u00f3micamente rentable.<\/p>\n","protected":false},"excerpt":{"rendered":"<p>Real Decreto 736\/2020 de 4 de Agosto (publicado BOE n\u00ba212 de 6 de Agosto de 2020) Tras la aprobaci\u00f3n del Real Decreto 736\/2020 resulta obligatorio instalar contadores individuales en edificios con instalaciones de calefacci\u00f3n central cuando sea t\u00e9cnicamente viable y econ\u00f3micamente rentable.<\/p>\n","protected":false},"author":2,"featured_media":0,"comment_status":"closed","ping_status":"closed","sticky":false,"template":"","format":"standard","meta":{"_et_pb_use_builder":"off","_et_pb_old_content":"","_et_gb_content_width":"","_joinchat":[],"footnotes":""},"categories":[10],"tags":[],"class_list":["post-2994","post","type-post","status-publish","format-standard","hentry","category-noticias"],"yoast_head":"<!-- This site is optimized with the Yoast SEO plugin v25.0 - https:\/\/yoast.com\/wordpress\/plugins\/seo\/ -->\r\n<title>Todo lo que se debe saber sobre los repartidores de costes de calefacci\u00f3n en las comunidades de vecinos | noeliamartinez<\/title>\r\n<meta name=\"robots\" content=\"index, follow, max-snippet:-1, max-image-preview:large, max-video-preview:-1\" \/>\r\n<link rel=\"canonical\" href=\"https:\/\/noeliamartinez.com\/index.php\/2022\/05\/21\/todo-lo-que-se-debe-saber-sobre-los-repartidores-de-coste-de-calefaccion-en-las-comunidades-de-vecinos\/\" \/>\r\n<meta property=\"og:locale\" content=\"es_ES\" \/>\r\n<meta property=\"og:type\" content=\"article\" \/>\r\n<meta property=\"og:title\" content=\"Todo lo que se debe saber sobre los repartidores de costes de calefacci\u00f3n en las comunidades de vecinos | noeliamartinez\" \/>\r\n<meta property=\"og:description\" content=\"Real Decreto 736\/2020 de 4 de Agosto (publicado BOE n\u00ba212 de 6 de Agosto de 2020) Tras la aprobaci\u00f3n del Real Decreto 736\/2020 resulta obligatorio instalar contadores individuales en edificios con instalaciones de calefacci\u00f3n central cuando sea t\u00e9cnicamente viable y econ\u00f3micamente rentable.\" \/>\r\n<meta property=\"og:url\" content=\"https:\/\/noeliamartinez.com\/index.php\/2022\/05\/21\/todo-lo-que-se-debe-saber-sobre-los-repartidores-de-coste-de-calefaccion-en-las-comunidades-de-vecinos\/\" \/>\r\n<meta property=\"og:site_name\" content=\"noeliamartinez\" \/>\r\n<meta property=\"article:published_time\" content=\"2022-05-21T16:27:19+00:00\" \/>\r\n<meta property=\"article:modified_time\" content=\"2022-05-21T16:28:52+00:00\" \/>\r\n<meta name=\"author\" content=\"Noelia Mart\u00ednez\" \/>\r\n<meta name=\"twitter:card\" content=\"summary_large_image\" \/>\r\n<meta name=\"twitter:label1\" content=\"Escrito por\" \/>\n\t<meta name=\"twitter:data1\" content=\"Noelia Mart\u00ednez\" \/>\n\t<meta name=\"twitter:label2\" content=\"Tiempo de lectura\" \/>\n\t<meta name=\"twitter:data2\" content=\"1 minuto\" \/>\r\n<script type=\"application\/ld+json\" class=\"yoast-schema-graph\">{\"@context\":\"https:\/\/schema.org\",\"@graph\":[{\"@type\":\"Article\",\"@id\":\"https:\/\/noeliamartinez.com\/index.php\/2022\/05\/21\/todo-lo-que-se-debe-saber-sobre-los-repartidores-de-coste-de-calefaccion-en-las-comunidades-de-vecinos\/#article\",\"isPartOf\":{\"@id\":\"https:\/\/noeliamartinez.com\/index.php\/2022\/05\/21\/todo-lo-que-se-debe-saber-sobre-los-repartidores-de-coste-de-calefaccion-en-las-comunidades-de-vecinos\/\"},\"author\":{\"name\":\"Noelia Mart\u00ednez\",\"@id\":\"https:\/\/noeliamartinez.com\/#\/schema\/person\/a39ae016482c4643b76b9f573e7e62db\"},\"headline\":\"Todo lo que se debe saber sobre los repartidores de costes de calefacci\u00f3n en las comunidades de vecinos\",\"datePublished\":\"2022-05-21T16:27:19+00:00\",\"dateModified\":\"2022-05-21T16:28:52+00:00\",\"mainEntityOfPage\":{\"@id\":\"https:\/\/noeliamartinez.com\/index.php\/2022\/05\/21\/todo-lo-que-se-debe-saber-sobre-los-repartidores-de-coste-de-calefaccion-en-las-comunidades-de-vecinos\/\"},\"wordCount\":60,\"publisher\":{\"@id\":\"https:\/\/noeliamartinez.com\/#\/schema\/person\/a39ae016482c4643b76b9f573e7e62db\"},\"articleSection\":[\"Noticias\"],\"inLanguage\":\"es\"},{\"@type\":\"WebPage\",\"@id\":\"https:\/\/noeliamartinez.com\/index.php\/2022\/05\/21\/todo-lo-que-se-debe-saber-sobre-los-repartidores-de-coste-de-calefaccion-en-las-comunidades-de-vecinos\/\",\"url\":\"https:\/\/noeliamartinez.com\/index.php\/2022\/05\/21\/todo-lo-que-se-debe-saber-sobre-los-repartidores-de-coste-de-calefaccion-en-las-comunidades-de-vecinos\/\",\"name\":\"Todo lo que se debe saber sobre los repartidores de costes de calefacci\u00f3n en las comunidades de vecinos | noeliamartinez\",\"isPartOf\":{\"@id\":\"https:\/\/noeliamartinez.com\/#website\"},\"datePublished\":\"2022-05-21T16:27:19+00:00\",\"dateModified\":\"2022-05-21T16:28:52+00:00\",\"breadcrumb\":{\"@id\":\"https:\/\/noeliamartinez.com\/index.php\/2022\/05\/21\/todo-lo-que-se-debe-saber-sobre-los-repartidores-de-coste-de-calefaccion-en-las-comunidades-de-vecinos\/#breadcrumb\"},\"inLanguage\":\"es\",\"potentialAction\":[{\"@type\":\"ReadAction\",\"target\":[\"https:\/\/noeliamartinez.com\/index.php\/2022\/05\/21\/todo-lo-que-se-debe-saber-sobre-los-repartidores-de-coste-de-calefaccion-en-las-comunidades-de-vecinos\/\"]}]},{\"@type\":\"BreadcrumbList\",\"@id\":\"https:\/\/noeliamartinez.com\/index.php\/2022\/05\/21\/todo-lo-que-se-debe-saber-sobre-los-repartidores-de-coste-de-calefaccion-en-las-comunidades-de-vecinos\/#breadcrumb\",\"itemListElement\":[{\"@type\":\"ListItem\",\"position\":1,\"name\":\"Portada\",\"item\":\"https:\/\/noeliamartinez.com\/\"},{\"@type\":\"ListItem\",\"position\":2,\"name\":\"Todo lo que se debe saber sobre los repartidores de costes de calefacci\u00f3n en las comunidades de vecinos\"}]},{\"@type\":\"WebSite\",\"@id\":\"https:\/\/noeliamartinez.com\/#website\",\"url\":\"https:\/\/noeliamartinez.com\/\",\"name\":\"noeliamartinez\",\"description\":\"Abogada administradora de fincas\",\"publisher\":{\"@id\":\"https:\/\/noeliamartinez.com\/#\/schema\/person\/a39ae016482c4643b76b9f573e7e62db\"},\"potentialAction\":[{\"@type\":\"SearchAction\",\"target\":{\"@type\":\"EntryPoint\",\"urlTemplate\":\"https:\/\/noeliamartinez.com\/?s={search_term_string}\"},\"query-input\":{\"@type\":\"PropertyValueSpecification\",\"valueRequired\":true,\"valueName\":\"search_term_string\"}}],\"inLanguage\":\"es\"},{\"@type\":[\"Person\",\"Organization\"],\"@id\":\"https:\/\/noeliamartinez.com\/#\/schema\/person\/a39ae016482c4643b76b9f573e7e62db\",\"name\":\"Noelia Mart\u00ednez\",\"image\":{\"@type\":\"ImageObject\",\"inLanguage\":\"es\",\"@id\":\"https:\/\/noeliamartinez.com\/#\/schema\/person\/image\/\",\"url\":\"https:\/\/noeliamartinez.com\/wp-content\/uploads\/2022\/01\/cropped-Sin-titulo-1.png\",\"contentUrl\":\"https:\/\/noeliamartinez.com\/wp-content\/uploads\/2022\/01\/cropped-Sin-titulo-1.png\",\"width\":512,\"height\":512,\"caption\":\"Noelia Mart\u00ednez\"},\"logo\":{\"@id\":\"https:\/\/noeliamartinez.com\/#\/schema\/person\/image\/\"}}]}<\/script>\r\n<!-- \/ Yoast SEO plugin. -->","yoast_head_json":{"title":"Todo lo que se debe saber sobre los repartidores de costes de calefacci\u00f3n en las comunidades de vecinos | noeliamartinez","robots":{"index":"index","follow":"follow","max-snippet":"max-snippet:-1","max-image-preview":"max-image-preview:large","max-video-preview":"max-video-preview:-1"},"canonical":"https:\/\/noeliamartinez.com\/index.php\/2022\/05\/21\/todo-lo-que-se-debe-saber-sobre-los-repartidores-de-coste-de-calefaccion-en-las-comunidades-de-vecinos\/","og_locale":"es_ES","og_type":"article","og_title":"Todo lo que se debe saber sobre los repartidores de costes de calefacci\u00f3n en las comunidades de vecinos | noeliamartinez","og_description":"Real Decreto 736\/2020 de 4 de Agosto (publicado BOE n\u00ba212 de 6 de Agosto de 2020) Tras la aprobaci\u00f3n del Real Decreto 736\/2020 resulta obligatorio instalar contadores individuales en edificios con instalaciones de calefacci\u00f3n central cuando sea t\u00e9cnicamente viable y econ\u00f3micamente rentable.","og_url":"https:\/\/noeliamartinez.com\/index.php\/2022\/05\/21\/todo-lo-que-se-debe-saber-sobre-los-repartidores-de-coste-de-calefaccion-en-las-comunidades-de-vecinos\/","og_site_name":"noeliamartinez","article_published_time":"2022-05-21T16:27:19+00:00","article_modified_time":"2022-05-21T16:28:52+00:00","author":"Noelia Mart\u00ednez","twitter_card":"summary_large_image","twitter_misc":{"Escrito por":"Noelia Mart\u00ednez","Tiempo de lectura":"1 minuto"},"schema":{"@context":"https:\/\/schema.org","@graph":[{"@type":"Article","@id":"https:\/\/noeliamartinez.com\/index.php\/2022\/05\/21\/todo-lo-que-se-debe-saber-sobre-los-repartidores-de-coste-de-calefaccion-en-las-comunidades-de-vecinos\/#article","isPartOf":{"@id":"https:\/\/noeliamartinez.com\/index.php\/2022\/05\/21\/todo-lo-que-se-debe-saber-sobre-los-repartidores-de-coste-de-calefaccion-en-las-comunidades-de-vecinos\/"},"author":{"name":"Noelia Mart\u00ednez","@id":"https:\/\/noeliamartinez.com\/#\/schema\/person\/a39ae016482c4643b76b9f573e7e62db"},"headline":"Todo lo que se debe saber sobre los repartidores de costes de calefacci\u00f3n en las comunidades de vecinos","datePublished":"2022-05-21T16:27:19+00:00","dateModified":"2022-05-21T16:28:52+00:00","mainEntityOfPage":{"@id":"https:\/\/noeliamartinez.com\/index.php\/2022\/05\/21\/todo-lo-que-se-debe-saber-sobre-los-repartidores-de-coste-de-calefaccion-en-las-comunidades-de-vecinos\/"},"wordCount":60,"publisher":{"@id":"https:\/\/noeliamartinez.com\/#\/schema\/person\/a39ae016482c4643b76b9f573e7e62db"},"articleSection":["Noticias"],"inLanguage":"es"},{"@type":"WebPage","@id":"https:\/\/noeliamartinez.com\/index.php\/2022\/05\/21\/todo-lo-que-se-debe-saber-sobre-los-repartidores-de-coste-de-calefaccion-en-las-comunidades-de-vecinos\/","url":"https:\/\/noeliamartinez.com\/index.php\/2022\/05\/21\/todo-lo-que-se-debe-saber-sobre-los-repartidores-de-coste-de-calefaccion-en-las-comunidades-de-vecinos\/","name":"Todo lo que se debe saber sobre los repartidores de costes de calefacci\u00f3n en las comunidades de vecinos | noeliamartinez","isPartOf":{"@id":"https:\/\/noeliamartinez.com\/#website"},"datePublished":"2022-05-21T16:27:19+00:00","dateModified":"2022-05-21T16:28:52+00:00","breadcrumb":{"@id":"https:\/\/noeliamartinez.com\/index.php\/2022\/05\/21\/todo-lo-que-se-debe-saber-sobre-los-repartidores-de-coste-de-calefaccion-en-las-comunidades-de-vecinos\/#breadcrumb"},"inLanguage":"es","potentialAction":[{"@type":"ReadAction","target":["https:\/\/noeliamartinez.com\/index.php\/2022\/05\/21\/todo-lo-que-se-debe-saber-sobre-los-repartidores-de-coste-de-calefaccion-en-las-comunidades-de-vecinos\/"]}]},{"@type":"BreadcrumbList","@id":"https:\/\/noeliamartinez.com\/index.php\/2022\/05\/21\/todo-lo-que-se-debe-saber-sobre-los-repartidores-de-coste-de-calefaccion-en-las-comunidades-de-vecinos\/#breadcrumb","itemListElement":[{"@type":"ListItem","position":1,"name":"Portada","item":"https:\/\/noeliamartinez.com\/"},{"@type":"ListItem","position":2,"name":"Todo lo que se debe saber sobre los repartidores de costes de calefacci\u00f3n en las comunidades de vecinos"}]},{"@type":"WebSite","@id":"https:\/\/noeliamartinez.com\/#website","url":"https:\/\/noeliamartinez.com\/","name":"noeliamartinez","description":"Abogada administradora de fincas","publisher":{"@id":"https:\/\/noeliamartinez.com\/#\/schema\/person\/a39ae016482c4643b76b9f573e7e62db"},"potentialAction":[{"@type":"SearchAction","target":{"@type":"EntryPoint","urlTemplate":"https:\/\/noeliamartinez.com\/?s={search_term_string}"},"query-input":{"@type":"PropertyValueSpecification","valueRequired":true,"valueName":"search_term_string"}}],"inLanguage":"es"},{"@type":["Person","Organization"],"@id":"https:\/\/noeliamartinez.com\/#\/schema\/person\/a39ae016482c4643b76b9f573e7e62db","name":"Noelia Mart\u00ednez","image":{"@type":"ImageObject","inLanguage":"es","@id":"https:\/\/noeliamartinez.com\/#\/schema\/person\/image\/","url":"https:\/\/noeliamartinez.com\/wp-content\/uploads\/2022\/01\/cropped-Sin-titulo-1.png","contentUrl":"https:\/\/noeliamartinez.com\/wp-content\/uploads\/2022\/01\/cropped-Sin-titulo-1.png","width":512,"height":512,"caption":"Noelia Mart\u00ednez"},"logo":{"@id":"https:\/\/noeliamartinez.com\/#\/schema\/person\/image\/"}}]}},"_links":{"self":[{"href":"https:\/\/noeliamartinez.com\/index.php\/wp-json\/wp\/v2\/posts\/2994","targetHints":{"allow":["GET"]}}],"collection":[{"href":"https:\/\/noeliamartinez.com\/index.php\/wp-json\/wp\/v2\/posts"}],"about":[{"href":"https:\/\/noeliamartinez.com\/index.php\/wp-json\/wp\/v2\/types\/post"}],"author":[{"embeddable":true,"href":"https:\/\/noeliamartinez.com\/index.php\/wp-json\/wp\/v2\/users\/2"}],"replies":[{"embeddable":true,"href":"https:\/\/noeliamartinez.com\/index.php\/wp-json\/wp\/v2\/comments?post=2994"}],"version-history":[{"count":2,"href":"https:\/\/noeliamartinez.com\/index.php\/wp-json\/wp\/v2\/posts\/2994\/revisions"}],"predecessor-version":[{"id":2996,"href":"https:\/\/noeliamartinez.com\/index.php\/wp-json\/wp\/v2\/posts\/2994\/revisions\/2996"}],"wp:attachment":[{"href":"https:\/\/noeliamartinez.com\/index.php\/wp-json\/wp\/v2\/media?parent=2994"}],"wp:term":[{"taxonomy":"category","embeddable":true,"href":"https:\/\/noeliamartinez.com\/index.php\/wp-json\/wp\/v2\/categories?post=2994"},{"taxonomy":"post_tag","embeddable":true,"href":"https:\/\/noeliamartinez.com\/index.php\/wp-json\/wp\/v2\/tags?post=2994"}],"curies":[{"name":"wp","href":"https:\/\/api.w.org\/{rel}","templated":true}]}}